{"id":17133,"date":"2026-04-13T08:00:07","date_gmt":"2026-04-13T07:00:07","guid":{"rendered":"https:\/\/bilbozaharra.eus\/?p=17133"},"modified":"2026-04-10T13:51:23","modified_gmt":"2026-04-10T12:51:23","slug":"ayudas-economicas-para-aprender-euskera-del-ayuntaminto-de-bilbao-2026","status":"publish","type":"post","link":"https:\/\/bilbozaharra.eus\/es\/ayudas-economicas-para-aprender-euskera-del-ayuntaminto-de-bilbao-2026\/","title":{"rendered":"Ayudas econ\u00f3micas para aprender euskera del Ayuntaminto de Bilbao 2026"},"content":{"rendered":"<p><img decoding=\"async\" src=\"https:\/\/bilbozaharra.eus\/wp-content\/uploads\/2020\/06\/udala-1024x74.jpg\" alt=\"udala\" width=\"1024\" height=\"74\" \/><\/p>\n<h2>Ayudas econ\u00f3micas para aprender euskera<\/h2>\n<p><strong>Informaci\u00f3:<\/strong><\/p>\n<p>Informaci\u00f3n en papel: hall del edificio Aznar (Plaza Venezuela 2).<\/p>\n<p><a href=\"https:\/\/www.bilbao.eus\/cs\/Satellite?c=BIO_Generico_FA&amp;cid=3004138039&amp;pagename=Bilbaonet%2FBIO_Generico_FA%2FBIO_generico&amp;language=es\">https:\/\/www.bilbao.eus\/<\/a><\/p>\n<p><strong>Beneficiarios:<\/strong><\/p>\n<p>1)\u00a0\u00a0\u00a0\u00a0\u00a0 Tener cumplidos 16 a\u00f1os antes de la fecha de publicaci\u00f3n de esta convocatoria.<\/p>\n<p>2)\u00a0\u00a0\u00a0\u00a0\u00a0 Estar empadronadas en Bilbao, al menos, desde el 1 de junio de 2025\u00a0hasta el 30 e junio de 2026\u00a0de forma ininterrumpida.<\/p>\n<p>3)\u00a0\u00a0\u00a0\u00a0\u00a0 Haber cursado estudios de euskera en euskaltegis homologados por HABE durante el curso 2025-2026.<\/p>\n<h2>Plazo de solicitud: del 4 de abril al 5 de mayo<\/h2>\n<p><strong>Presentaci\u00f3n de solicitud:<\/strong><\/p>\n<p><u>P\u00e1gina web<\/u>:\u00a0<a href=\"https:\/\/www.bilbao.eus\/aytoonline\/tramitacion\/subeuskera\/login.jsp?idioma=e\" target=\"_blank\" rel=\"noopener\">www.bilbao.eus,<\/a>\u00a0tipos de identificaci\u00f3n: BakQ, certificado digital y clave de acceso del Ayuntamiento de Bilbao.<\/p>\n<p><u>Registro General y registros de los distritos.\u00a0<\/u>Es imprescindible solicitar una cita previa (tel\u00e9fono: 010 \/ 944 010 010; Internet:\u00a0<a href=\"https:\/\/www.bilbao.eus\/aytoonline\/jsp\/citaprevia\/reserva.jsp?idioma=c&amp;servicio=128\">aqu\u00ed<\/a>).<\/p>\n<p><u>Zuzenean<\/u>, Atenci\u00f3n ciudadana (Gran V\u00eda 85, 48011-Bilbao). Es imprescindible solicitar una cita previa (tel\u00e9fono: 012 \/ 945 018 000; Internet:\u00a0<a href=\"https:\/\/www.euskadi.eus\/zuzenean-atencion-presencial\/web01-a2zuzen\/es\/\">aqu\u00ed<\/a>).<\/p>\n<p><a href=\"mailto:euskera@bilbao.eus\">euskera@bilbao.eus<\/a><br \/>\n<a href=\"http:\/\/www.bilbaoeuskaraz.com\">www.bilbaoeuskaraz.com<\/a><\/p>\n","protected":false},"excerpt":{"rendered":"<p>Ayudas econ\u00f3micas para aprender euskera Informaci\u00f3: Informaci\u00f3n en papel: hall del edificio Aznar (Plaza Venezuela 2). https:\/\/www.bilbao.eus\/ Beneficiarios: 1)\u00a0\u00a0\u00a0\u00a0\u00a0 Tener cumplidos 16 a\u00f1os antes de la fecha de publicaci\u00f3n de esta convocatoria. 2)\u00a0\u00a0\u00a0\u00a0\u00a0 Estar empadronadas en Bilbao, al menos, desde el 1 de junio de 2025\u00a0hasta el 30 e junio de 2026\u00a0de forma ininterrumpida. 3)\u00a0\u00a0\u00a0\u00a0\u00a0 Haber cursado estudios de euskera [&hellip;]<\/p>\n","protected":false},"author":2,"featured_media":17154,"comment_status":"closed","ping_status":"closed","sticky":false,"template":"","format":"standard","meta":{"_acf_changed":false,"footnotes":""},"categories":[89],"tags":[],"class_list":["post-17133","post","type-post","status-publish","format-standard","has-post-thumbnail","hentry","category-noticias"],"acf":[],"_links":{"self":[{"href":"https:\/\/bilbozaharra.eus\/es\/wp-json\/wp\/v2\/posts\/17133","targetHints":{"allow":["GET"]}}],"collection":[{"href":"https:\/\/bilbozaharra.eus\/es\/wp-json\/wp\/v2\/posts"}],"about":[{"href":"https:\/\/bilbozaharra.eus\/es\/wp-json\/wp\/v2\/types\/post"}],"author":[{"embeddable":true,"href":"https:\/\/bilbozaharra.eus\/es\/wp-json\/wp\/v2\/users\/2"}],"replies":[{"embeddable":true,"href":"https:\/\/bilbozaharra.eus\/es\/wp-json\/wp\/v2\/comments?post=17133"}],"version-history":[{"count":2,"href":"https:\/\/bilbozaharra.eus\/es\/wp-json\/wp\/v2\/posts\/17133\/revisions"}],"predecessor-version":[{"id":17135,"href":"https:\/\/bilbozaharra.eus\/es\/wp-json\/wp\/v2\/posts\/17133\/revisions\/17135"}],"wp:featuredmedia":[{"embeddable":true,"href":"https:\/\/bilbozaharra.eus\/es\/wp-json\/wp\/v2\/media\/17154"}],"wp:attachment":[{"href":"https:\/\/bilbozaharra.eus\/es\/wp-json\/wp\/v2\/media?parent=17133"}],"wp:term":[{"taxonomy":"category","embeddable":true,"href":"https:\/\/bilbozaharra.eus\/es\/wp-json\/wp\/v2\/categories?post=17133"},{"taxonomy":"post_tag","embeddable":true,"href":"https:\/\/bilbozaharra.eus\/es\/wp-json\/wp\/v2\/tags?post=17133"}],"curies":[{"name":"wp","href":"https:\/\/api.w.org\/{rel}","templated":true}]}}